{"id":27286,"date":"2021-07-08T16:35:00","date_gmt":"2021-07-08T14:35:00","guid":{"rendered":"https:\/\/perseus.de\/apportez-votre-propre-appareil-byod-appareils-prives-en-usage-professionnel\/"},"modified":"2026-03-30T15:42:42","modified_gmt":"2026-03-30T13:42:42","slug":"apportez-votre-propre-appareil-byod-appareils-prives-en-usage-professionnel","status":"publish","type":"post","link":"https:\/\/perseus.de\/fr\/apportez-votre-propre-appareil-byod-appareils-prives-en-usage-professionnel\/","title":{"rendered":"Apportez votre propre appareil (BYOD) \u2013 Appareils priv\u00e9s en usage professionnel"},"content":{"rendered":"\t\t<div data-elementor-type=\"wp-post\" data-elementor-id=\"27286\" class=\"elementor elementor-27286 elementor-22606\" data-elementor-post-type=\"post\">\n\t\t\t\t<div class=\"elementor-element elementor-element-2ba0588 e-flex e-con-boxed e-con e-parent\" data-id=\"2ba0588\" data-element_type=\"container\" data-e-type=\"container\">\n\t\t\t\t\t<div class=\"e-con-inner\">\n\t\t\t\t<div class=\"elementor-element elementor-element-6459d3d elementor-widget elementor-widget-image\" data-id=\"6459d3d\" data-element_type=\"widget\" data-e-type=\"widget\" data-widget_type=\"image.default\">\n\t\t\t\t<div class=\"elementor-widget-container\">\n\t\t\t\t\t\t\t\t\t\t\t\t<figure class=\"wp-caption\">\n\t\t\t\t\t\t\t\t\t\t<img fetchpriority=\"high\" decoding=\"async\" width=\"768\" height=\"512\" src=\"https:\/\/perseus.de\/wp-content\/uploads\/2025\/05\/BYOD-via-Unsplash-Marvin-Meyer-768x512-1.jpg\" class=\"attachment-medium_large size-medium_large wp-image-27285\" alt=\"\" srcset=\"https:\/\/perseus.de\/wp-content\/uploads\/2025\/05\/BYOD-via-Unsplash-Marvin-Meyer-768x512-1.jpg 768w, https:\/\/perseus.de\/wp-content\/uploads\/2025\/05\/BYOD-via-Unsplash-Marvin-Meyer-768x512-1-300x200.jpg 300w\" sizes=\"(max-width: 768px) 100vw, 768px\" \/>\t\t\t\t\t\t\t\t\t\t\t<figcaption class=\"widget-image-caption wp-caption-text\">Source de l\u2019image : Bring Your Own Device (BYOD) \u2013 Appareils priv\u00e9s en usage professionnel<\/figcaption>\n\t\t\t\t\t\t\t\t\t\t<\/figure>\n\t\t\t\t\t\t\t\t\t<\/div>\n\t\t\t\t<\/div>\n\t\t\t\t\t<\/div>\n\t\t\t\t<\/div>\n\t\t<div class=\"elementor-element elementor-element-1d7f370 e-flex e-con-boxed e-con e-parent\" data-id=\"1d7f370\" data-element_type=\"container\" data-e-type=\"container\">\n\t\t\t\t\t<div class=\"e-con-inner\">\n\t\t<div class=\"elementor-element elementor-element-ea36f1b e-con-full e-flex e-con e-child\" data-id=\"ea36f1b\" data-element_type=\"container\" data-e-type=\"container\">\n\t\t<div class=\"elementor-element elementor-element-1995ac7 e-con-full e-flex e-con e-child\" data-id=\"1995ac7\" data-element_type=\"container\" data-e-type=\"container\">\n\t\t\t\t<div class=\"elementor-element elementor-element-fe51dc1 elementor-widget elementor-widget-text-editor\" data-id=\"fe51dc1\" data-element_type=\"widget\" data-e-type=\"widget\" data-widget_type=\"text-editor.default\">\n\t\t\t\t<div class=\"elementor-widget-container\">\n\t\t\t\t\t\t\t\t\t<h6>08.07.2021<\/h6>\t\t\t\t\t\t\t\t<\/div>\n\t\t\t\t<\/div>\n\t\t\t\t<div class=\"elementor-element elementor-element-953164e elementor-widget elementor-widget-heading\" data-id=\"953164e\" data-element_type=\"widget\" data-e-type=\"widget\" data-widget_type=\"heading.default\">\n\t\t\t\t<div class=\"elementor-widget-container\">\n\t\t\t\t\t<h2 class=\"elementor-heading-title elementor-size-default\">Apportez votre propre appareil (BYOD) \u2013 Appareils priv\u00e9s en usage professionnel\n<\/h2>\t\t\t\t<\/div>\n\t\t\t\t<\/div>\n\t\t\t\t<div class=\"elementor-element elementor-element-58d7e46 elementor-widget elementor-widget-text-editor\" data-id=\"58d7e46\" data-element_type=\"widget\" data-e-type=\"widget\" data-widget_type=\"text-editor.default\">\n\t\t\t\t<div class=\"elementor-widget-container\">\n\t\t\t\t\t\t\t\t\t<p>Cybers\u00e9curit\u00e9 | Protection informatique | Notes | Conseils et tendances<\/p>\t\t\t\t\t\t\t\t<\/div>\n\t\t\t\t<\/div>\n\t\t\t\t<\/div>\n\t\t<div class=\"elementor-element elementor-element-6a8d4d4 e-con-full e-flex e-con e-child\" data-id=\"6a8d4d4\" data-element_type=\"container\" data-e-type=\"container\">\n\t\t\t\t<div class=\"elementor-element elementor-element-3372dc0 elementor-widget elementor-widget-text-editor\" data-id=\"3372dc0\" data-element_type=\"widget\" data-e-type=\"widget\" data-widget_type=\"text-editor.default\">\n\t\t\t\t<div class=\"elementor-widget-container\">\n\t\t\t\t\t\t\t\t\t<p><strong>Pour de nombreux dispositifs informatiques, il n\u2019y a pas de s\u00e9paration claire entre vie professionnelle et vie priv\u00e9e. Les e-mails professionnels sont rapidement consult\u00e9s sur le smartphone priv\u00e9. La grande pr\u00e9sentation passe du bureau \u00e0 la maison via la cl\u00e9 USB puis revient \u00e0 nouveau.   Dans le bureau \u00e0 domicile, en raison de la pand\u00e9mie, l\u2019ordinateur portable priv\u00e9 remplace l\u2019ordinateur de bureau de l\u2019entreprise.<\/strong><\/p>\n<p>En r\u00e9sum\u00e9 : de nombreux appareils priv\u00e9s se retrouvent dans la vie professionnelle. Reconna\u00eetre cela est la premi\u00e8re \u00e9tape pour minimiser les risques de s\u00e9curit\u00e9 qu\u2019ils posent. <\/p>\n<p><strong><br><\/strong><\/p><p><strong>Le terme cl\u00e9 : BYOD \u2013 Apportez votre propre appareil<\/strong><\/p>\n<p>Apportez votre propre appareil se traduit par \u00ab Apportez votre propre appareil \u00bb \u2013 au travail. BYOD fait donc r\u00e9f\u00e9rence \u00e0 l\u2019utilisation d\u2019appareils priv\u00e9s dans la vie professionnelle. En g\u00e9n\u00e9ral, cela concerne les smartphones, tablettes et ordinateurs portables.  <\/p>\n<p>Cependant, de nombreux autres appareils priv\u00e9s sont d\u00e9sormais connect\u00e9s \u00e0 Internet ou sont rapidement connect\u00e9s \u00e0 l\u2019informatique de l\u2019entreprise dans le cadre du travail quotidien. Par exemple, la montre connect\u00e9e peut acc\u00e9der au Wi-Fi interne. Les traqueurs d\u2019activit\u00e9 et les liseuses \u00e9lectroniques peuvent \u00eatre recharg\u00e9s via USB sur l\u2019ordinateur de l\u2019entreprise si n\u00e9cessaire. Plus ces dispositifs sont complexes, plus il devient important pour les entreprises de prendre en compte leur utilisation.   <\/p>\n<p><strong><br><\/strong><\/p><p><strong>Ce que signifie BYOD pour la s\u00e9curit\u00e9 informatique et la protection des donn\u00e9es<\/strong><\/p>\n<p>Le m\u00e9lange d\u2019usage personnel et professionnel peut entra\u00eener des risques cybern\u00e9tiques suppl\u00e9mentaires pour l\u2019entreprise concern\u00e9e. Un exemple : les appareils priv\u00e9s peuvent ne pas \u00eatre mis \u00e0 jour aussi rapidement que l\u2019informatique de l\u2019entreprise. En cons\u00e9quence, les vuln\u00e9rabilit\u00e9s de s\u00e9curit\u00e9 connues dans les appareils priv\u00e9s persistent plus longtemps et peuvent \u00eatre exploit\u00e9es par des logiciels malveillants. Ce malware peut ensuite se propager dans toute l\u2019entreprise par e-mail ou lors de votre prochaine connexion au r\u00e9seau de l\u2019entreprise. Les cons\u00e9quences sont impr\u00e9visibles. Il se peut que ce soit un ransomware qui chiffre toutes les donn\u00e9es. Ou un logiciel espion qui espionne sp\u00e9cifiquement des secrets commerciaux pr\u00e9cieux.      <\/p>\n<p>La question de la protection des donn\u00e9es \u2013 ou plus pr\u00e9cis\u00e9ment, de la protection des donn\u00e9es personnelles \u2013 doit \u00e9galement \u00eatre prise en compte dans le BYOD. Par exemple, un smartphone priv\u00e9, sur lequel sont \u00e9galement stock\u00e9s des e-mails professionnels, peut \u00eatre perdu, vol\u00e9 ou bri\u00e8vement remis \u00e0 une autre personne. Dans tous ces cas, des tiers non autoris\u00e9s ont potentiellement acc\u00e8s aux e-mails professionnels et aux donn\u00e9es personnelles qu\u2019ils contenent.  <\/p>\n<p><strong><br><\/strong><\/p><p><strong>Que devraient faire les entreprises face au BYOD ?<\/strong><\/p>\n<p>En principe, chaque entreprise devrait \u00e9tablir des lignes directrices claires pour le BYOD. En d\u2019autres termes, comment il g\u00e8re le probl\u00e8me lui-m\u00eame et comment ses employ\u00e9s devraient le g\u00e9rer. Plus les exigences de la directive sont claires, mieux toutes les parties concern\u00e9es peuvent s\u2019y conformer.  <\/p>\n<p><strong><br><\/strong><\/p><p><strong>Quelques<\/strong><strong style=\"font-size: 1rem;\">aspects typiques d\u2019une police BYOD :<\/strong><\/p>\n<ul>\n<li>Contr\u00f4le d\u2019acc\u00e8s aux appareils via des verrous d\u2019\u00e9cran, mots de passe, code PIN et compagnie.<\/li>\n<li>Acc\u00e8s contr\u00f4l\u00e9 au Wi-Fi d\u2019entreprise, par exemple via un VPN<\/li>\n<li>Gestion des donn\u00e9es de l\u2019entreprise<\/li>\n<li>Gestion des sauvegardes<\/li>\n<li>Utilisation des antivirus<\/li>\n<li>Mise \u00e0 jour des pratiques pour maintenir les appareils \u00e0 jour<\/li>\n<li>Installer des espaces de travail et priv\u00e9s s\u00e9par\u00e9s sur les appareils<\/li>\n<li>Possible effacement \u00e0 distance des donn\u00e9es sur les appareils<\/li>\n<li>Le chiffrement des e-mails et des donn\u00e9es, par exemple<\/li>\n<li>Proc\u00e9dure lors du d\u00e9part des employ\u00e9s<\/li>\n<li>Proc\u00e9dure lors de l\u2019arriv\u00e9e des employ\u00e9s dans l\u2019entreprise<\/li>\n<\/ul>\n<p><br><\/p><p>\u00c9laborez ces directives en consultation avec votre service informatique, votre fournisseur externe de services informatiques ou une entreprise sp\u00e9cialis\u00e9e en s\u00e9curit\u00e9 informatique telle que Perseus.<\/p>\n<p><strong><br><\/strong><\/p><p><strong>Que devraient faire les employ\u00e9s face au BYOD ?<\/strong><\/p>\n<p>Il n\u2019y a aucun doute : si votre entreprise a d\u00e9j\u00e0 une politique BYOD, suivez-la. Mais dans de nombreuses entreprises, les dispositifs utilis\u00e9s professionnellement et en priv\u00e9 ne posent pas encore probl\u00e8me. <\/p>\n<p>Ne laissez pas cela vous emp\u00eacher d\u2019agir avec prudence.<\/p>\n<p>Suivez les r\u00e8gles de base pour augmenter la cybers\u00e9curit\u00e9 :<\/p>\n<ul>\n<li>Activez toujours le verrouillage d\u2019\u00e9cran lorsque vous ne travaillez pas sur l\u2019appareil<\/li>\n<li>Prot\u00e9gez tout appareil avec mot de passe, code PIN, empreinte digitale, reconnaissance faciale, etc.<\/li>\n<li>Installez les mises \u00e0 jour rapidement<\/li>\n<li>Faites attention \u00e0 la s\u00e9curit\u00e9 des mots de passe<\/li>\n<li>Cr\u00e9er des sauvegardes<\/li>\n<li>En ce qui concerne les nouveaux logiciels et les nouvelles applications, il faut pr\u00eater une attention m\u00e9ticuleuse \u00e0 leur origine r\u00e9put\u00e9e<\/li>\n<li>Utilisez des antivirus pour v\u00e9rifier les cl\u00e9s USB, par exemple, avant utilisation<\/li>\n<li>Soyez attentif aux attaques de phishing dans votre vie professionnelle et priv\u00e9e et soyez critique envers les e-mails, pi\u00e8ces jointes et liens<\/li>\n<\/ul>\t\t\t\t\t\t\t\t<\/div>\n\t\t\t\t<\/div>\n\t\t\t\t<\/div>\n\t\t\t\t<\/div>\n\t\t\t\t\t<\/div>\n\t\t\t\t<\/div>\n\t\t<div class=\"elementor-element elementor-element-4d84bbc e-flex e-con-boxed e-con e-parent\" data-id=\"4d84bbc\" data-element_type=\"container\" data-e-type=\"container\">\n\t\t\t\t\t<div class=\"e-con-inner\">\n\t\t\t\t<div class=\"elementor-element elementor-element-05a335d elementor-widget-divider--view-line elementor-widget elementor-widget-divider\" data-id=\"05a335d\" data-element_type=\"widget\" data-e-type=\"widget\" data-widget_type=\"divider.default\">\n\t\t\t\t<div class=\"elementor-widget-container\">\n\t\t\t\t\t\t\t<div class=\"elementor-divider\">\n\t\t\t<span class=\"elementor-divider-separator\">\n\t\t\t\t\t\t<\/span>\n\t\t<\/div>\n\t\t\t\t\t\t<\/div>\n\t\t\t\t<\/div>\n\t\t\t\t\t<\/div>\n\t\t\t\t<\/div>\n\t\t\t\t<\/div>\n\t\t","protected":false},"excerpt":{"rendered":"<p>Pour de nombreux dispositifs informatiques, il n\u2019y a pas de s\u00e9paration claire entre vie professionnelle et vie priv\u00e9e. Les e-mails professionnels sont rapidement consult\u00e9s sur le smartphone priv\u00e9. La grande pr\u00e9sentation passe du bureau \u00e0 la maison via la cl\u00e9 USB puis revient \u00e0 nouveau.   Dans le bureau \u00e0 domicile, en raison de la pand\u00e9mie, l\u2019ordinateur portable priv\u00e9 remplace l\u2019ordinateur de bureau de l\u2019entreprise.<\/p>\n","protected":false},"author":3,"featured_media":27285,"comment_status":"open","ping_status":"open","sticky":false,"template":"","format":"standard","meta":{"_acf_changed":false,"footnotes":""},"categories":[61],"tags":[],"class_list":["post-27286","post","type-post","status-publish","format-standard","has-post-thumbnail","hentry","category-blog"],"acf":[],"yoast_head":"<!-- This site is optimized with the Yoast SEO plugin v27.5 - https:\/\/yoast.com\/product\/yoast-seo-wordpress\/ -->\n<title>Apportez votre propre appareil (BYOD) \u2013 Appareils priv\u00e9s en usage professionnel - Perseus Technologies<\/title>\n<meta name=\"robots\" content=\"index, follow, max-snippet:-1, max-image-preview:large, max-video-preview:-1\" \/>\n<link rel=\"canonical\" href=\"https:\/\/perseus.de\/fr\/apportez-votre-propre-appareil-byod-appareils-prives-en-usage-professionnel\/\" \/>\n<meta property=\"og:locale\" content=\"fr_FR\" \/>\n<meta property=\"og:type\" content=\"article\" \/>\n<meta property=\"og:title\" content=\"Apportez votre propre appareil (BYOD) \u2013 Appareils priv\u00e9s en usage professionnel - Perseus Technologies\" \/>\n<meta property=\"og:description\" content=\"Pour de nombreux dispositifs informatiques, il n\u2019y a pas de s\u00e9paration claire entre vie professionnelle et vie priv\u00e9e. Les e-mails professionnels sont rapidement consult\u00e9s sur le smartphone priv\u00e9. La grande pr\u00e9sentation passe du bureau \u00e0 la maison via la cl\u00e9 USB puis revient \u00e0 nouveau.  Dans le bureau \u00e0 domicile, en raison de la pand\u00e9mie, l\u2019ordinateur portable priv\u00e9 remplace l\u2019ordinateur de bureau de l\u2019entreprise.\" \/>\n<meta property=\"og:url\" content=\"https:\/\/perseus.de\/fr\/apportez-votre-propre-appareil-byod-appareils-prives-en-usage-professionnel\/\" \/>\n<meta property=\"og:site_name\" content=\"Perseus Technologies\" \/>\n<meta property=\"article:published_time\" content=\"2021-07-08T14:35:00+00:00\" \/>\n<meta property=\"article:modified_time\" content=\"2026-03-30T13:42:42+00:00\" \/>\n<meta property=\"og:image\" content=\"https:\/\/perseus.de\/wp-content\/uploads\/2025\/05\/BYOD-via-Unsplash-Marvin-Meyer-768x512-1.jpg\" \/>\n\t<meta property=\"og:image:width\" content=\"768\" \/>\n\t<meta property=\"og:image:height\" content=\"512\" \/>\n\t<meta property=\"og:image:type\" content=\"image\/jpeg\" \/>\n<meta name=\"author\" content=\"Xenia Silbe\" \/>\n<meta name=\"twitter:card\" content=\"summary_large_image\" \/>\n<meta name=\"twitter:label1\" content=\"\u00c9crit par\" \/>\n\t<meta name=\"twitter:data1\" content=\"Xenia Silbe\" \/>\n\t<meta name=\"twitter:label2\" content=\"Dur\u00e9e de lecture estim\u00e9e\" \/>\n\t<meta name=\"twitter:data2\" content=\"4 minutes\" \/>\n<script type=\"application\/ld+json\" class=\"yoast-schema-graph\">{\"@context\":\"https:\\\/\\\/schema.org\",\"@graph\":[{\"@type\":\"Article\",\"@id\":\"https:\\\/\\\/perseus.de\\\/fr\\\/apportez-votre-propre-appareil-byod-appareils-prives-en-usage-professionnel\\\/#article\",\"isPartOf\":{\"@id\":\"https:\\\/\\\/perseus.de\\\/fr\\\/apportez-votre-propre-appareil-byod-appareils-prives-en-usage-professionnel\\\/\"},\"author\":{\"name\":\"Xenia Silbe\",\"@id\":\"https:\\\/\\\/perseus.de\\\/#\\\/schema\\\/person\\\/42cdb0ff9720a4c92a2613f686b32f46\"},\"headline\":\"Apportez votre propre appareil (BYOD) \u2013 Appareils priv\u00e9s en usage professionnel\",\"datePublished\":\"2021-07-08T14:35:00+00:00\",\"dateModified\":\"2026-03-30T13:42:42+00:00\",\"mainEntityOfPage\":{\"@id\":\"https:\\\/\\\/perseus.de\\\/fr\\\/apportez-votre-propre-appareil-byod-appareils-prives-en-usage-professionnel\\\/\"},\"wordCount\":878,\"commentCount\":0,\"publisher\":{\"@id\":\"https:\\\/\\\/perseus.de\\\/#organization\"},\"image\":{\"@id\":\"https:\\\/\\\/perseus.de\\\/fr\\\/apportez-votre-propre-appareil-byod-appareils-prives-en-usage-professionnel\\\/#primaryimage\"},\"thumbnailUrl\":\"https:\\\/\\\/perseus.de\\\/wp-content\\\/uploads\\\/2025\\\/05\\\/BYOD-via-Unsplash-Marvin-Meyer-768x512-1.jpg\",\"articleSection\":[\"Blog\"],\"inLanguage\":\"fr-FR\",\"potentialAction\":[{\"@type\":\"CommentAction\",\"name\":\"Comment\",\"target\":[\"https:\\\/\\\/perseus.de\\\/fr\\\/apportez-votre-propre-appareil-byod-appareils-prives-en-usage-professionnel\\\/#respond\"]}]},{\"@type\":\"WebPage\",\"@id\":\"https:\\\/\\\/perseus.de\\\/fr\\\/apportez-votre-propre-appareil-byod-appareils-prives-en-usage-professionnel\\\/\",\"url\":\"https:\\\/\\\/perseus.de\\\/fr\\\/apportez-votre-propre-appareil-byod-appareils-prives-en-usage-professionnel\\\/\",\"name\":\"Apportez votre propre appareil (BYOD) \u2013 Appareils priv\u00e9s en usage professionnel - Perseus Technologies\",\"isPartOf\":{\"@id\":\"https:\\\/\\\/perseus.de\\\/#website\"},\"primaryImageOfPage\":{\"@id\":\"https:\\\/\\\/perseus.de\\\/fr\\\/apportez-votre-propre-appareil-byod-appareils-prives-en-usage-professionnel\\\/#primaryimage\"},\"image\":{\"@id\":\"https:\\\/\\\/perseus.de\\\/fr\\\/apportez-votre-propre-appareil-byod-appareils-prives-en-usage-professionnel\\\/#primaryimage\"},\"thumbnailUrl\":\"https:\\\/\\\/perseus.de\\\/wp-content\\\/uploads\\\/2025\\\/05\\\/BYOD-via-Unsplash-Marvin-Meyer-768x512-1.jpg\",\"datePublished\":\"2021-07-08T14:35:00+00:00\",\"dateModified\":\"2026-03-30T13:42:42+00:00\",\"breadcrumb\":{\"@id\":\"https:\\\/\\\/perseus.de\\\/fr\\\/apportez-votre-propre-appareil-byod-appareils-prives-en-usage-professionnel\\\/#breadcrumb\"},\"inLanguage\":\"fr-FR\",\"potentialAction\":[{\"@type\":\"ReadAction\",\"target\":[\"https:\\\/\\\/perseus.de\\\/fr\\\/apportez-votre-propre-appareil-byod-appareils-prives-en-usage-professionnel\\\/\"]}]},{\"@type\":\"ImageObject\",\"inLanguage\":\"fr-FR\",\"@id\":\"https:\\\/\\\/perseus.de\\\/fr\\\/apportez-votre-propre-appareil-byod-appareils-prives-en-usage-professionnel\\\/#primaryimage\",\"url\":\"https:\\\/\\\/perseus.de\\\/wp-content\\\/uploads\\\/2025\\\/05\\\/BYOD-via-Unsplash-Marvin-Meyer-768x512-1.jpg\",\"contentUrl\":\"https:\\\/\\\/perseus.de\\\/wp-content\\\/uploads\\\/2025\\\/05\\\/BYOD-via-Unsplash-Marvin-Meyer-768x512-1.jpg\",\"width\":768,\"height\":512},{\"@type\":\"BreadcrumbList\",\"@id\":\"https:\\\/\\\/perseus.de\\\/fr\\\/apportez-votre-propre-appareil-byod-appareils-prives-en-usage-professionnel\\\/#breadcrumb\",\"itemListElement\":[{\"@type\":\"ListItem\",\"position\":1,\"name\":\"Home\",\"item\":\"https:\\\/\\\/perseus.de\\\/\"},{\"@type\":\"ListItem\",\"position\":2,\"name\":\"Apportez votre propre appareil (BYOD) \u2013 Appareils priv\u00e9s en usage professionnel\"}]},{\"@type\":\"WebSite\",\"@id\":\"https:\\\/\\\/perseus.de\\\/#website\",\"url\":\"https:\\\/\\\/perseus.de\\\/\",\"name\":\"perseus-web.de\",\"description\":\"\",\"publisher\":{\"@id\":\"https:\\\/\\\/perseus.de\\\/#organization\"},\"potentialAction\":[{\"@type\":\"SearchAction\",\"target\":{\"@type\":\"EntryPoint\",\"urlTemplate\":\"https:\\\/\\\/perseus.de\\\/?s={search_term_string}\"},\"query-input\":{\"@type\":\"PropertyValueSpecification\",\"valueRequired\":true,\"valueName\":\"search_term_string\"}}],\"inLanguage\":\"fr-FR\"},{\"@type\":\"Organization\",\"@id\":\"https:\\\/\\\/perseus.de\\\/#organization\",\"name\":\"perseus-web.de\",\"url\":\"https:\\\/\\\/perseus.de\\\/\",\"logo\":{\"@type\":\"ImageObject\",\"inLanguage\":\"fr-FR\",\"@id\":\"https:\\\/\\\/perseus.de\\\/#\\\/schema\\\/logo\\\/image\\\/\",\"url\":\"https:\\\/\\\/perseus.de\\\/wp-content\\\/uploads\\\/2025\\\/03\\\/PerseusTechnologie_Color-2.png\",\"contentUrl\":\"https:\\\/\\\/perseus.de\\\/wp-content\\\/uploads\\\/2025\\\/03\\\/PerseusTechnologie_Color-2.png\",\"width\":536,\"height\":172,\"caption\":\"perseus-web.de\"},\"image\":{\"@id\":\"https:\\\/\\\/perseus.de\\\/#\\\/schema\\\/logo\\\/image\\\/\"}},{\"@type\":\"Person\",\"@id\":\"https:\\\/\\\/perseus.de\\\/#\\\/schema\\\/person\\\/42cdb0ff9720a4c92a2613f686b32f46\",\"name\":\"Xenia Silbe\",\"image\":{\"@type\":\"ImageObject\",\"inLanguage\":\"fr-FR\",\"@id\":\"https:\\\/\\\/secure.gravatar.com\\\/avatar\\\/ad1725c4df9d407f031b1429111650ed671361b6db97d9353d2b0d1aea2f67ed?s=96&d=mm&r=g\",\"url\":\"https:\\\/\\\/secure.gravatar.com\\\/avatar\\\/ad1725c4df9d407f031b1429111650ed671361b6db97d9353d2b0d1aea2f67ed?s=96&d=mm&r=g\",\"contentUrl\":\"https:\\\/\\\/secure.gravatar.com\\\/avatar\\\/ad1725c4df9d407f031b1429111650ed671361b6db97d9353d2b0d1aea2f67ed?s=96&d=mm&r=g\",\"caption\":\"Xenia Silbe\"},\"sameAs\":[\"https:\\\/\\\/perseus.de\\\/\"],\"url\":\"https:\\\/\\\/perseus.de\\\/fr\\\/author\\\/xenia-silbe\\\/\"}]}<\/script>\n<!-- \/ Yoast SEO plugin. -->","yoast_head_json":{"title":"Apportez votre propre appareil (BYOD) \u2013 Appareils priv\u00e9s en usage professionnel - Perseus Technologies","robots":{"index":"index","follow":"follow","max-snippet":"max-snippet:-1","max-image-preview":"max-image-preview:large","max-video-preview":"max-video-preview:-1"},"canonical":"https:\/\/perseus.de\/fr\/apportez-votre-propre-appareil-byod-appareils-prives-en-usage-professionnel\/","og_locale":"fr_FR","og_type":"article","og_title":"Apportez votre propre appareil (BYOD) \u2013 Appareils priv\u00e9s en usage professionnel - Perseus Technologies","og_description":"Pour de nombreux dispositifs informatiques, il n\u2019y a pas de s\u00e9paration claire entre vie professionnelle et vie priv\u00e9e. Les e-mails professionnels sont rapidement consult\u00e9s sur le smartphone priv\u00e9. La grande pr\u00e9sentation passe du bureau \u00e0 la maison via la cl\u00e9 USB puis revient \u00e0 nouveau.  Dans le bureau \u00e0 domicile, en raison de la pand\u00e9mie, l\u2019ordinateur portable priv\u00e9 remplace l\u2019ordinateur de bureau de l\u2019entreprise.","og_url":"https:\/\/perseus.de\/fr\/apportez-votre-propre-appareil-byod-appareils-prives-en-usage-professionnel\/","og_site_name":"Perseus Technologies","article_published_time":"2021-07-08T14:35:00+00:00","article_modified_time":"2026-03-30T13:42:42+00:00","og_image":[{"width":768,"height":512,"url":"https:\/\/perseus.de\/wp-content\/uploads\/2025\/05\/BYOD-via-Unsplash-Marvin-Meyer-768x512-1.jpg","type":"image\/jpeg"}],"author":"Xenia Silbe","twitter_card":"summary_large_image","twitter_misc":{"\u00c9crit par":"Xenia Silbe","Dur\u00e9e de lecture estim\u00e9e":"4 minutes"},"schema":{"@context":"https:\/\/schema.org","@graph":[{"@type":"Article","@id":"https:\/\/perseus.de\/fr\/apportez-votre-propre-appareil-byod-appareils-prives-en-usage-professionnel\/#article","isPartOf":{"@id":"https:\/\/perseus.de\/fr\/apportez-votre-propre-appareil-byod-appareils-prives-en-usage-professionnel\/"},"author":{"name":"Xenia Silbe","@id":"https:\/\/perseus.de\/#\/schema\/person\/42cdb0ff9720a4c92a2613f686b32f46"},"headline":"Apportez votre propre appareil (BYOD) \u2013 Appareils priv\u00e9s en usage professionnel","datePublished":"2021-07-08T14:35:00+00:00","dateModified":"2026-03-30T13:42:42+00:00","mainEntityOfPage":{"@id":"https:\/\/perseus.de\/fr\/apportez-votre-propre-appareil-byod-appareils-prives-en-usage-professionnel\/"},"wordCount":878,"commentCount":0,"publisher":{"@id":"https:\/\/perseus.de\/#organization"},"image":{"@id":"https:\/\/perseus.de\/fr\/apportez-votre-propre-appareil-byod-appareils-prives-en-usage-professionnel\/#primaryimage"},"thumbnailUrl":"https:\/\/perseus.de\/wp-content\/uploads\/2025\/05\/BYOD-via-Unsplash-Marvin-Meyer-768x512-1.jpg","articleSection":["Blog"],"inLanguage":"fr-FR","potentialAction":[{"@type":"CommentAction","name":"Comment","target":["https:\/\/perseus.de\/fr\/apportez-votre-propre-appareil-byod-appareils-prives-en-usage-professionnel\/#respond"]}]},{"@type":"WebPage","@id":"https:\/\/perseus.de\/fr\/apportez-votre-propre-appareil-byod-appareils-prives-en-usage-professionnel\/","url":"https:\/\/perseus.de\/fr\/apportez-votre-propre-appareil-byod-appareils-prives-en-usage-professionnel\/","name":"Apportez votre propre appareil (BYOD) \u2013 Appareils priv\u00e9s en usage professionnel - Perseus Technologies","isPartOf":{"@id":"https:\/\/perseus.de\/#website"},"primaryImageOfPage":{"@id":"https:\/\/perseus.de\/fr\/apportez-votre-propre-appareil-byod-appareils-prives-en-usage-professionnel\/#primaryimage"},"image":{"@id":"https:\/\/perseus.de\/fr\/apportez-votre-propre-appareil-byod-appareils-prives-en-usage-professionnel\/#primaryimage"},"thumbnailUrl":"https:\/\/perseus.de\/wp-content\/uploads\/2025\/05\/BYOD-via-Unsplash-Marvin-Meyer-768x512-1.jpg","datePublished":"2021-07-08T14:35:00+00:00","dateModified":"2026-03-30T13:42:42+00:00","breadcrumb":{"@id":"https:\/\/perseus.de\/fr\/apportez-votre-propre-appareil-byod-appareils-prives-en-usage-professionnel\/#breadcrumb"},"inLanguage":"fr-FR","potentialAction":[{"@type":"ReadAction","target":["https:\/\/perseus.de\/fr\/apportez-votre-propre-appareil-byod-appareils-prives-en-usage-professionnel\/"]}]},{"@type":"ImageObject","inLanguage":"fr-FR","@id":"https:\/\/perseus.de\/fr\/apportez-votre-propre-appareil-byod-appareils-prives-en-usage-professionnel\/#primaryimage","url":"https:\/\/perseus.de\/wp-content\/uploads\/2025\/05\/BYOD-via-Unsplash-Marvin-Meyer-768x512-1.jpg","contentUrl":"https:\/\/perseus.de\/wp-content\/uploads\/2025\/05\/BYOD-via-Unsplash-Marvin-Meyer-768x512-1.jpg","width":768,"height":512},{"@type":"BreadcrumbList","@id":"https:\/\/perseus.de\/fr\/apportez-votre-propre-appareil-byod-appareils-prives-en-usage-professionnel\/#breadcrumb","itemListElement":[{"@type":"ListItem","position":1,"name":"Home","item":"https:\/\/perseus.de\/"},{"@type":"ListItem","position":2,"name":"Apportez votre propre appareil (BYOD) \u2013 Appareils priv\u00e9s en usage professionnel"}]},{"@type":"WebSite","@id":"https:\/\/perseus.de\/#website","url":"https:\/\/perseus.de\/","name":"perseus-web.de","description":"","publisher":{"@id":"https:\/\/perseus.de\/#organization"},"potentialAction":[{"@type":"SearchAction","target":{"@type":"EntryPoint","urlTemplate":"https:\/\/perseus.de\/?s={search_term_string}"},"query-input":{"@type":"PropertyValueSpecification","valueRequired":true,"valueName":"search_term_string"}}],"inLanguage":"fr-FR"},{"@type":"Organization","@id":"https:\/\/perseus.de\/#organization","name":"perseus-web.de","url":"https:\/\/perseus.de\/","logo":{"@type":"ImageObject","inLanguage":"fr-FR","@id":"https:\/\/perseus.de\/#\/schema\/logo\/image\/","url":"https:\/\/perseus.de\/wp-content\/uploads\/2025\/03\/PerseusTechnologie_Color-2.png","contentUrl":"https:\/\/perseus.de\/wp-content\/uploads\/2025\/03\/PerseusTechnologie_Color-2.png","width":536,"height":172,"caption":"perseus-web.de"},"image":{"@id":"https:\/\/perseus.de\/#\/schema\/logo\/image\/"}},{"@type":"Person","@id":"https:\/\/perseus.de\/#\/schema\/person\/42cdb0ff9720a4c92a2613f686b32f46","name":"Xenia Silbe","image":{"@type":"ImageObject","inLanguage":"fr-FR","@id":"https:\/\/secure.gravatar.com\/avatar\/ad1725c4df9d407f031b1429111650ed671361b6db97d9353d2b0d1aea2f67ed?s=96&d=mm&r=g","url":"https:\/\/secure.gravatar.com\/avatar\/ad1725c4df9d407f031b1429111650ed671361b6db97d9353d2b0d1aea2f67ed?s=96&d=mm&r=g","contentUrl":"https:\/\/secure.gravatar.com\/avatar\/ad1725c4df9d407f031b1429111650ed671361b6db97d9353d2b0d1aea2f67ed?s=96&d=mm&r=g","caption":"Xenia Silbe"},"sameAs":["https:\/\/perseus.de\/"],"url":"https:\/\/perseus.de\/fr\/author\/xenia-silbe\/"}]}},"_links":{"self":[{"href":"https:\/\/perseus.de\/fr\/wp-json\/wp\/v2\/posts\/27286","targetHints":{"allow":["GET"]}}],"collection":[{"href":"https:\/\/perseus.de\/fr\/wp-json\/wp\/v2\/posts"}],"about":[{"href":"https:\/\/perseus.de\/fr\/wp-json\/wp\/v2\/types\/post"}],"author":[{"embeddable":true,"href":"https:\/\/perseus.de\/fr\/wp-json\/wp\/v2\/users\/3"}],"replies":[{"embeddable":true,"href":"https:\/\/perseus.de\/fr\/wp-json\/wp\/v2\/comments?post=27286"}],"version-history":[{"count":1,"href":"https:\/\/perseus.de\/fr\/wp-json\/wp\/v2\/posts\/27286\/revisions"}],"predecessor-version":[{"id":27287,"href":"https:\/\/perseus.de\/fr\/wp-json\/wp\/v2\/posts\/27286\/revisions\/27287"}],"wp:featuredmedia":[{"embeddable":true,"href":"https:\/\/perseus.de\/fr\/wp-json\/wp\/v2\/media\/27285"}],"wp:attachment":[{"href":"https:\/\/perseus.de\/fr\/wp-json\/wp\/v2\/media?parent=27286"}],"wp:term":[{"taxonomy":"category","embeddable":true,"href":"https:\/\/perseus.de\/fr\/wp-json\/wp\/v2\/categories?post=27286"},{"taxonomy":"post_tag","embeddable":true,"href":"https:\/\/perseus.de\/fr\/wp-json\/wp\/v2\/tags?post=27286"}],"curies":[{"name":"wp","href":"https:\/\/api.w.org\/{rel}","templated":true}]}}