{"id":27289,"date":"2021-07-08T16:35:00","date_gmt":"2021-07-08T14:35:00","guid":{"rendered":"https:\/\/perseus.de\/trae-tu-propio-dispositivo-byod-dispositivos-privados-en-uso-profesional\/"},"modified":"2026-03-30T15:43:05","modified_gmt":"2026-03-30T13:43:05","slug":"trae-tu-propio-dispositivo-byod-dispositivos-privados-en-uso-profesional","status":"publish","type":"post","link":"https:\/\/perseus.de\/es\/trae-tu-propio-dispositivo-byod-dispositivos-privados-en-uso-profesional\/","title":{"rendered":"Trae tu propio dispositivo (BYOD) \u2013 Dispositivos privados en uso profesional"},"content":{"rendered":"\t\t<div data-elementor-type=\"wp-post\" data-elementor-id=\"27289\" class=\"elementor elementor-27289 elementor-22606\" data-elementor-post-type=\"post\">\n\t\t\t\t<div class=\"elementor-element elementor-element-2ba0588 e-flex e-con-boxed e-con e-parent\" data-id=\"2ba0588\" data-element_type=\"container\" data-e-type=\"container\">\n\t\t\t\t\t<div class=\"e-con-inner\">\n\t\t\t\t<div class=\"elementor-element elementor-element-6459d3d elementor-widget elementor-widget-image\" data-id=\"6459d3d\" data-element_type=\"widget\" data-e-type=\"widget\" data-widget_type=\"image.default\">\n\t\t\t\t<div class=\"elementor-widget-container\">\n\t\t\t\t\t\t\t\t\t\t\t\t<figure class=\"wp-caption\">\n\t\t\t\t\t\t\t\t\t\t<img fetchpriority=\"high\" decoding=\"async\" width=\"768\" height=\"512\" src=\"https:\/\/perseus.de\/wp-content\/uploads\/2025\/05\/BYOD-via-Unsplash-Marvin-Meyer-768x512-1.jpg\" class=\"attachment-medium_large size-medium_large wp-image-27288\" alt=\"\" srcset=\"https:\/\/perseus.de\/wp-content\/uploads\/2025\/05\/BYOD-via-Unsplash-Marvin-Meyer-768x512-1.jpg 768w, https:\/\/perseus.de\/wp-content\/uploads\/2025\/05\/BYOD-via-Unsplash-Marvin-Meyer-768x512-1-300x200.jpg 300w\" sizes=\"(max-width: 768px) 100vw, 768px\" \/>\t\t\t\t\t\t\t\t\t\t\t<figcaption class=\"widget-image-caption wp-caption-text\">Fuente de la imagen: Bring Your Own Device (BYOD) \u2013 Dispositivos privados en uso profesional<\/figcaption>\n\t\t\t\t\t\t\t\t\t\t<\/figure>\n\t\t\t\t\t\t\t\t\t<\/div>\n\t\t\t\t<\/div>\n\t\t\t\t\t<\/div>\n\t\t\t\t<\/div>\n\t\t<div class=\"elementor-element elementor-element-1d7f370 e-flex e-con-boxed e-con e-parent\" data-id=\"1d7f370\" data-element_type=\"container\" data-e-type=\"container\">\n\t\t\t\t\t<div class=\"e-con-inner\">\n\t\t<div class=\"elementor-element elementor-element-ea36f1b e-con-full e-flex e-con e-child\" data-id=\"ea36f1b\" data-element_type=\"container\" data-e-type=\"container\">\n\t\t<div class=\"elementor-element elementor-element-1995ac7 e-con-full e-flex e-con e-child\" data-id=\"1995ac7\" data-element_type=\"container\" data-e-type=\"container\">\n\t\t\t\t<div class=\"elementor-element elementor-element-fe51dc1 elementor-widget elementor-widget-text-editor\" data-id=\"fe51dc1\" data-element_type=\"widget\" data-e-type=\"widget\" data-widget_type=\"text-editor.default\">\n\t\t\t\t<div class=\"elementor-widget-container\">\n\t\t\t\t\t\t\t\t\t<h6>08.07.2021<\/h6>\t\t\t\t\t\t\t\t<\/div>\n\t\t\t\t<\/div>\n\t\t\t\t<div class=\"elementor-element elementor-element-953164e elementor-widget elementor-widget-heading\" data-id=\"953164e\" data-element_type=\"widget\" data-e-type=\"widget\" data-widget_type=\"heading.default\">\n\t\t\t\t<div class=\"elementor-widget-container\">\n\t\t\t\t\t<h2 class=\"elementor-heading-title elementor-size-default\">Trae tu propio dispositivo (BYOD) \u2013 Dispositivos privados en uso profesional\n<\/h2>\t\t\t\t<\/div>\n\t\t\t\t<\/div>\n\t\t\t\t<div class=\"elementor-element elementor-element-58d7e46 elementor-widget elementor-widget-text-editor\" data-id=\"58d7e46\" data-element_type=\"widget\" data-e-type=\"widget\" data-widget_type=\"text-editor.default\">\n\t\t\t\t<div class=\"elementor-widget-container\">\n\t\t\t\t\t\t\t\t\t<p>Ciberseguridad | Protecci\u00f3n inform\u00e1tica | Notas | Consejos y tendencias<\/p>\t\t\t\t\t\t\t\t<\/div>\n\t\t\t\t<\/div>\n\t\t\t\t<\/div>\n\t\t<div class=\"elementor-element elementor-element-6a8d4d4 e-con-full e-flex e-con e-child\" data-id=\"6a8d4d4\" data-element_type=\"container\" data-e-type=\"container\">\n\t\t\t\t<div class=\"elementor-element elementor-element-3372dc0 elementor-widget elementor-widget-text-editor\" data-id=\"3372dc0\" data-element_type=\"widget\" data-e-type=\"widget\" data-widget_type=\"text-editor.default\">\n\t\t\t\t<div class=\"elementor-widget-container\">\n\t\t\t\t\t\t\t\t\t<p><strong>Para muchos dispositivos inform\u00e1ticos, no hay una separaci\u00f3n clara entre la vida profesional y la privada. Los correos electr\u00f3nicos del trabajo se revisan r\u00e1pidamente en el smartphone privado. La gran presentaci\u00f3n se traslada de la oficina a casa en el USB y viceversa, revisada.   En la oficina central, debido a la pandemia, el port\u00e1til privado sustituye al ordenador de sobremesa de la empresa.<\/strong><\/p>\n<p>En resumen: muchos dispositivos privados acaban formando parte de la vida laboral. Reconocer esto es el primer paso para minimizar los riesgos de seguridad que suponen. <\/p>\n<p><strong><br><\/strong><\/p><p><strong>El t\u00e9rmino clave: BYOD \u2013 Trae tu propio dispositivo<\/strong><\/p>\n<p>Trae tu propio dispositivo se traduce como \u00abTrae tu propio dispositivo\u00bb \u2013 al trabajo. Por tanto, BYOD se refiere al uso de dispositivos privados en la vida profesional. Normalmente, esto se refiere a smartphones, tabletas y port\u00e1tiles.  <\/p>\n<p>Sin embargo, muchos otros dispositivos privados ahora cuentan con acceso a Internet o se conectan r\u00e1pidamente al departamento de TI de la empresa en el trabajo cotidiano. Por ejemplo, el smartwatch puede acceder al Wi-Fi interno. Los rastreadores de actividad f\u00edsica y los lectores electr\u00f3nicos pueden cargarse v\u00eda USB en el ordenador de la empresa si es necesario. Cuanto m\u00e1s complejos sean estos dispositivos, m\u00e1s importante ser\u00e1 que las empresas consideren su uso.   <\/p>\n<p><strong><br><\/strong><\/p><p><strong>Qu\u00e9 significa BYOD para la seguridad inform\u00e1tica y la protecci\u00f3n de datos<\/strong><\/p>\n<p>La mezcla de uso personal y profesional puede suponer riesgos cibern\u00e9ticos adicionales para la empresa en cuesti\u00f3n. Solo un ejemplo: los dispositivos de uso privado pueden no actualizarse tan r\u00e1pido como el departamento de TI de la empresa. Como resultado, las vulnerabilidades de seguridad conocidas en dispositivos privados permanecen por m\u00e1s tiempo y pueden ser explotadas por malware. Este malware puede propagarse por toda la empresa por correo electr\u00f3nico o la pr\u00f3xima vez que inicies sesi\u00f3n en la red de la empresa. Las consecuencias son impredecibles. Puede ser ransomware que cifra todos los datos. O spyware que esp\u00eda espec\u00edficamente secretos comerciales valiosos.      <\/p>\n<p>La cuesti\u00f3n de la protecci\u00f3n de datos \u2014o m\u00e1s precisamente, la protecci\u00f3n de los datos personales\u2014 tambi\u00e9n debe tenerse en cuenta en BYOD. Por ejemplo, un smartphone privado, en el que tambi\u00e9n se almacenan correos electr\u00f3nicos de trabajo, puede perderse, robarse o entregarse brevemente a otra persona. En todos estos casos, terceros no autorizados podr\u00edan tener acceso a los correos electr\u00f3nicos de trabajo y a los datos personales que contienen.  <\/p>\n<p><strong><br><\/strong><\/p><p><strong>\u00bfQu\u00e9 deber\u00edan hacer las empresas respecto al BYOD?<\/strong><\/p>\n<p>En principio, toda empresa deber\u00eda establecer directrices claras para el BYOD. En otras palabras, c\u00f3mo aborda el problema en s\u00ed y c\u00f3mo deber\u00edan afrontarlo sus empleados. Cuanto m\u00e1s claros sean los requisitos de la directiva, mejor podr\u00e1n todas las partes implicadas cumplirlos.  <\/p>\n<p><strong><br><\/strong><\/p><p><strong>Algunos<\/strong><strong style=\"font-size: 1rem;\">aspectos t\u00edpicos de una p\u00f3liza BYOD:<\/strong><\/p>\n<ul>\n<li>Control de acceso a los dispositivos mediante bloqueos de pantalla, contrase\u00f1as, PIN y dem\u00e1s.<\/li>\n<li>Acceso controlado a Wi-Fi corporativo, por ejemplo, a trav\u00e9s de VPN<\/li>\n<li>Gesti\u00f3n de datos de la empresa<\/li>\n<li>Gestionando copias de seguridad<\/li>\n<li>Uso de esc\u00e1neres de virus<\/li>\n<li>Actualizar la pr\u00e1ctica para mantener los dispositivos actualizados<\/li>\n<li>Configurar \u00e1reas separadas de trabajo y privadas en los dispositivos<\/li>\n<li>Posible borrado remoto de los datos de los dispositivos<\/li>\n<li>El cifrado de correos electr\u00f3nicos y datos, por ejemplo<\/li>\n<li>Procedimiento cuando los empleados abandonan la empresa<\/li>\n<li>Procedimiento cuando los empleados se incorporan a la empresa<\/li>\n<\/ul>\n<p><br><\/p><p>Elabora estas directrices en consulta con tu departamento de TI, tu proveedor externo de servicios inform\u00e1ticos o una empresa especializada en seguridad inform\u00e1tica como Perseus.<\/p>\n<p><strong><br><\/strong><\/p><p><strong>\u00bfQu\u00e9 deber\u00edan hacer los empleados respecto al BYOD?<\/strong><\/p>\n<p>No hay duda: si tu empresa ya tiene una pol\u00edtica BYOD, s\u00edguela. Pero en muchas empresas, los dispositivos utilizados profesional y privado a\u00fan no son un problema. <\/p>\n<p>No dejes que eso te impida actuar con prudencia.<\/p>\n<p>Sigue las reglas b\u00e1sicas para aumentar la ciberseguridad:<\/p>\n<ul>\n<li>Activa siempre el bloqueo de pantalla cuando no est\u00e9s trabajando en el dispositivo<\/li>\n<li>Protege cualquier dispositivo con contrase\u00f1a, PIN, huella dactilar, reconocimiento facial, etc.<\/li>\n<li>Instala las actualizaciones con rapidez<\/li>\n<li>Presta atenci\u00f3n a la seguridad de las contrase\u00f1as<\/li>\n<li>Crear copias de seguridad<\/li>\n<li>Cuando se trata de nuevo software y nuevas aplicaciones, presta mucha atenci\u00f3n a su origen reputado<\/li>\n<li>Utiliza esc\u00e1neres antivirus para comprobar memorias USB, por ejemplo, antes de usarlos<\/li>\n<li>Estate atento a ataques de phishing en tu vida profesional y privada y s\u00e9 cr\u00edtico con los correos electr\u00f3nicos, archivos adjuntos y enlaces<\/li>\n<\/ul>\t\t\t\t\t\t\t\t<\/div>\n\t\t\t\t<\/div>\n\t\t\t\t<\/div>\n\t\t\t\t<\/div>\n\t\t\t\t\t<\/div>\n\t\t\t\t<\/div>\n\t\t<div class=\"elementor-element elementor-element-4d84bbc e-flex e-con-boxed e-con e-parent\" data-id=\"4d84bbc\" data-element_type=\"container\" data-e-type=\"container\">\n\t\t\t\t\t<div class=\"e-con-inner\">\n\t\t\t\t<div class=\"elementor-element elementor-element-05a335d elementor-widget-divider--view-line elementor-widget elementor-widget-divider\" data-id=\"05a335d\" data-element_type=\"widget\" data-e-type=\"widget\" data-widget_type=\"divider.default\">\n\t\t\t\t<div class=\"elementor-widget-container\">\n\t\t\t\t\t\t\t<div class=\"elementor-divider\">\n\t\t\t<span class=\"elementor-divider-separator\">\n\t\t\t\t\t\t<\/span>\n\t\t<\/div>\n\t\t\t\t\t\t<\/div>\n\t\t\t\t<\/div>\n\t\t\t\t\t<\/div>\n\t\t\t\t<\/div>\n\t\t\t\t<\/div>\n\t\t","protected":false},"excerpt":{"rendered":"<p>Para muchos dispositivos inform\u00e1ticos, no hay una separaci\u00f3n clara entre la vida profesional y la privada. Los correos electr\u00f3nicos del trabajo se revisan r\u00e1pidamente en el smartphone privado. La gran presentaci\u00f3n se traslada de la oficina a casa en el USB y viceversa, revisada.   En la oficina central, debido a la pandemia, el port\u00e1til privado sustituye al ordenador de sobremesa de la empresa.<\/p>\n","protected":false},"author":3,"featured_media":27288,"comment_status":"open","ping_status":"open","sticky":false,"template":"","format":"standard","meta":{"_acf_changed":false,"footnotes":""},"categories":[62],"tags":[],"class_list":["post-27289","post","type-post","status-publish","format-standard","has-post-thumbnail","hentry","category-blog"],"acf":[],"yoast_head":"<!-- This site is optimized with the Yoast SEO plugin v27.5 - https:\/\/yoast.com\/product\/yoast-seo-wordpress\/ -->\n<title>Trae tu propio dispositivo (BYOD) \u2013 Dispositivos privados en uso profesional - Perseus Technologies<\/title>\n<meta name=\"robots\" content=\"index, follow, max-snippet:-1, max-image-preview:large, max-video-preview:-1\" \/>\n<link rel=\"canonical\" href=\"https:\/\/perseus.de\/es\/trae-tu-propio-dispositivo-byod-dispositivos-privados-en-uso-profesional\/\" \/>\n<meta property=\"og:locale\" content=\"es_ES\" \/>\n<meta property=\"og:type\" content=\"article\" \/>\n<meta property=\"og:title\" content=\"Trae tu propio dispositivo (BYOD) \u2013 Dispositivos privados en uso profesional - Perseus Technologies\" \/>\n<meta property=\"og:description\" content=\"Para muchos dispositivos inform\u00e1ticos, no hay una separaci\u00f3n clara entre la vida profesional y la privada. Los correos electr\u00f3nicos del trabajo se revisan r\u00e1pidamente en el smartphone privado. La gran presentaci\u00f3n se traslada de la oficina a casa en el USB y viceversa, revisada.  En la oficina central, debido a la pandemia, el port\u00e1til privado sustituye al ordenador de sobremesa de la empresa.\" \/>\n<meta property=\"og:url\" content=\"https:\/\/perseus.de\/es\/trae-tu-propio-dispositivo-byod-dispositivos-privados-en-uso-profesional\/\" \/>\n<meta property=\"og:site_name\" content=\"Perseus Technologies\" \/>\n<meta property=\"article:published_time\" content=\"2021-07-08T14:35:00+00:00\" \/>\n<meta property=\"article:modified_time\" content=\"2026-03-30T13:43:05+00:00\" \/>\n<meta property=\"og:image\" content=\"https:\/\/perseus.de\/wp-content\/uploads\/2025\/05\/BYOD-via-Unsplash-Marvin-Meyer-768x512-1.jpg\" \/>\n\t<meta property=\"og:image:width\" content=\"768\" \/>\n\t<meta property=\"og:image:height\" content=\"512\" \/>\n\t<meta property=\"og:image:type\" content=\"image\/jpeg\" \/>\n<meta name=\"author\" content=\"Xenia Silbe\" \/>\n<meta name=\"twitter:card\" content=\"summary_large_image\" \/>\n<meta name=\"twitter:label1\" content=\"Escrito por\" \/>\n\t<meta name=\"twitter:data1\" content=\"Xenia Silbe\" \/>\n\t<meta name=\"twitter:label2\" content=\"Tiempo de lectura\" \/>\n\t<meta name=\"twitter:data2\" content=\"4 minutos\" \/>\n<script type=\"application\/ld+json\" class=\"yoast-schema-graph\">{\"@context\":\"https:\\\/\\\/schema.org\",\"@graph\":[{\"@type\":\"Article\",\"@id\":\"https:\\\/\\\/perseus.de\\\/es\\\/trae-tu-propio-dispositivo-byod-dispositivos-privados-en-uso-profesional\\\/#article\",\"isPartOf\":{\"@id\":\"https:\\\/\\\/perseus.de\\\/es\\\/trae-tu-propio-dispositivo-byod-dispositivos-privados-en-uso-profesional\\\/\"},\"author\":{\"name\":\"Xenia Silbe\",\"@id\":\"https:\\\/\\\/perseus.de\\\/#\\\/schema\\\/person\\\/42cdb0ff9720a4c92a2613f686b32f46\"},\"headline\":\"Trae tu propio dispositivo (BYOD) \u2013 Dispositivos privados en uso profesional\",\"datePublished\":\"2021-07-08T14:35:00+00:00\",\"dateModified\":\"2026-03-30T13:43:05+00:00\",\"mainEntityOfPage\":{\"@id\":\"https:\\\/\\\/perseus.de\\\/es\\\/trae-tu-propio-dispositivo-byod-dispositivos-privados-en-uso-profesional\\\/\"},\"wordCount\":816,\"commentCount\":0,\"publisher\":{\"@id\":\"https:\\\/\\\/perseus.de\\\/#organization\"},\"image\":{\"@id\":\"https:\\\/\\\/perseus.de\\\/es\\\/trae-tu-propio-dispositivo-byod-dispositivos-privados-en-uso-profesional\\\/#primaryimage\"},\"thumbnailUrl\":\"https:\\\/\\\/perseus.de\\\/wp-content\\\/uploads\\\/2025\\\/05\\\/BYOD-via-Unsplash-Marvin-Meyer-768x512-1.jpg\",\"articleSection\":[\"Blog\"],\"inLanguage\":\"es\",\"potentialAction\":[{\"@type\":\"CommentAction\",\"name\":\"Comment\",\"target\":[\"https:\\\/\\\/perseus.de\\\/es\\\/trae-tu-propio-dispositivo-byod-dispositivos-privados-en-uso-profesional\\\/#respond\"]}]},{\"@type\":\"WebPage\",\"@id\":\"https:\\\/\\\/perseus.de\\\/es\\\/trae-tu-propio-dispositivo-byod-dispositivos-privados-en-uso-profesional\\\/\",\"url\":\"https:\\\/\\\/perseus.de\\\/es\\\/trae-tu-propio-dispositivo-byod-dispositivos-privados-en-uso-profesional\\\/\",\"name\":\"Trae tu propio dispositivo (BYOD) \u2013 Dispositivos privados en uso profesional - Perseus Technologies\",\"isPartOf\":{\"@id\":\"https:\\\/\\\/perseus.de\\\/#website\"},\"primaryImageOfPage\":{\"@id\":\"https:\\\/\\\/perseus.de\\\/es\\\/trae-tu-propio-dispositivo-byod-dispositivos-privados-en-uso-profesional\\\/#primaryimage\"},\"image\":{\"@id\":\"https:\\\/\\\/perseus.de\\\/es\\\/trae-tu-propio-dispositivo-byod-dispositivos-privados-en-uso-profesional\\\/#primaryimage\"},\"thumbnailUrl\":\"https:\\\/\\\/perseus.de\\\/wp-content\\\/uploads\\\/2025\\\/05\\\/BYOD-via-Unsplash-Marvin-Meyer-768x512-1.jpg\",\"datePublished\":\"2021-07-08T14:35:00+00:00\",\"dateModified\":\"2026-03-30T13:43:05+00:00\",\"breadcrumb\":{\"@id\":\"https:\\\/\\\/perseus.de\\\/es\\\/trae-tu-propio-dispositivo-byod-dispositivos-privados-en-uso-profesional\\\/#breadcrumb\"},\"inLanguage\":\"es\",\"potentialAction\":[{\"@type\":\"ReadAction\",\"target\":[\"https:\\\/\\\/perseus.de\\\/es\\\/trae-tu-propio-dispositivo-byod-dispositivos-privados-en-uso-profesional\\\/\"]}]},{\"@type\":\"ImageObject\",\"inLanguage\":\"es\",\"@id\":\"https:\\\/\\\/perseus.de\\\/es\\\/trae-tu-propio-dispositivo-byod-dispositivos-privados-en-uso-profesional\\\/#primaryimage\",\"url\":\"https:\\\/\\\/perseus.de\\\/wp-content\\\/uploads\\\/2025\\\/05\\\/BYOD-via-Unsplash-Marvin-Meyer-768x512-1.jpg\",\"contentUrl\":\"https:\\\/\\\/perseus.de\\\/wp-content\\\/uploads\\\/2025\\\/05\\\/BYOD-via-Unsplash-Marvin-Meyer-768x512-1.jpg\",\"width\":768,\"height\":512},{\"@type\":\"BreadcrumbList\",\"@id\":\"https:\\\/\\\/perseus.de\\\/es\\\/trae-tu-propio-dispositivo-byod-dispositivos-privados-en-uso-profesional\\\/#breadcrumb\",\"itemListElement\":[{\"@type\":\"ListItem\",\"position\":1,\"name\":\"Home\",\"item\":\"https:\\\/\\\/perseus.de\\\/\"},{\"@type\":\"ListItem\",\"position\":2,\"name\":\"Trae tu propio dispositivo (BYOD) \u2013 Dispositivos privados en uso profesional\"}]},{\"@type\":\"WebSite\",\"@id\":\"https:\\\/\\\/perseus.de\\\/#website\",\"url\":\"https:\\\/\\\/perseus.de\\\/\",\"name\":\"perseus-web.de\",\"description\":\"\",\"publisher\":{\"@id\":\"https:\\\/\\\/perseus.de\\\/#organization\"},\"potentialAction\":[{\"@type\":\"SearchAction\",\"target\":{\"@type\":\"EntryPoint\",\"urlTemplate\":\"https:\\\/\\\/perseus.de\\\/?s={search_term_string}\"},\"query-input\":{\"@type\":\"PropertyValueSpecification\",\"valueRequired\":true,\"valueName\":\"search_term_string\"}}],\"inLanguage\":\"es\"},{\"@type\":\"Organization\",\"@id\":\"https:\\\/\\\/perseus.de\\\/#organization\",\"name\":\"perseus-web.de\",\"url\":\"https:\\\/\\\/perseus.de\\\/\",\"logo\":{\"@type\":\"ImageObject\",\"inLanguage\":\"es\",\"@id\":\"https:\\\/\\\/perseus.de\\\/#\\\/schema\\\/logo\\\/image\\\/\",\"url\":\"https:\\\/\\\/perseus.de\\\/wp-content\\\/uploads\\\/2025\\\/03\\\/PerseusTechnologie_Color-2.png\",\"contentUrl\":\"https:\\\/\\\/perseus.de\\\/wp-content\\\/uploads\\\/2025\\\/03\\\/PerseusTechnologie_Color-2.png\",\"width\":536,\"height\":172,\"caption\":\"perseus-web.de\"},\"image\":{\"@id\":\"https:\\\/\\\/perseus.de\\\/#\\\/schema\\\/logo\\\/image\\\/\"}},{\"@type\":\"Person\",\"@id\":\"https:\\\/\\\/perseus.de\\\/#\\\/schema\\\/person\\\/42cdb0ff9720a4c92a2613f686b32f46\",\"name\":\"Xenia Silbe\",\"image\":{\"@type\":\"ImageObject\",\"inLanguage\":\"es\",\"@id\":\"https:\\\/\\\/secure.gravatar.com\\\/avatar\\\/ad1725c4df9d407f031b1429111650ed671361b6db97d9353d2b0d1aea2f67ed?s=96&d=mm&r=g\",\"url\":\"https:\\\/\\\/secure.gravatar.com\\\/avatar\\\/ad1725c4df9d407f031b1429111650ed671361b6db97d9353d2b0d1aea2f67ed?s=96&d=mm&r=g\",\"contentUrl\":\"https:\\\/\\\/secure.gravatar.com\\\/avatar\\\/ad1725c4df9d407f031b1429111650ed671361b6db97d9353d2b0d1aea2f67ed?s=96&d=mm&r=g\",\"caption\":\"Xenia Silbe\"},\"sameAs\":[\"https:\\\/\\\/perseus.de\\\/\"],\"url\":\"https:\\\/\\\/perseus.de\\\/es\\\/author\\\/xenia-silbe\\\/\"}]}<\/script>\n<!-- \/ Yoast SEO plugin. -->","yoast_head_json":{"title":"Trae tu propio dispositivo (BYOD) \u2013 Dispositivos privados en uso profesional - Perseus Technologies","robots":{"index":"index","follow":"follow","max-snippet":"max-snippet:-1","max-image-preview":"max-image-preview:large","max-video-preview":"max-video-preview:-1"},"canonical":"https:\/\/perseus.de\/es\/trae-tu-propio-dispositivo-byod-dispositivos-privados-en-uso-profesional\/","og_locale":"es_ES","og_type":"article","og_title":"Trae tu propio dispositivo (BYOD) \u2013 Dispositivos privados en uso profesional - Perseus Technologies","og_description":"Para muchos dispositivos inform\u00e1ticos, no hay una separaci\u00f3n clara entre la vida profesional y la privada. Los correos electr\u00f3nicos del trabajo se revisan r\u00e1pidamente en el smartphone privado. La gran presentaci\u00f3n se traslada de la oficina a casa en el USB y viceversa, revisada.  En la oficina central, debido a la pandemia, el port\u00e1til privado sustituye al ordenador de sobremesa de la empresa.","og_url":"https:\/\/perseus.de\/es\/trae-tu-propio-dispositivo-byod-dispositivos-privados-en-uso-profesional\/","og_site_name":"Perseus Technologies","article_published_time":"2021-07-08T14:35:00+00:00","article_modified_time":"2026-03-30T13:43:05+00:00","og_image":[{"width":768,"height":512,"url":"https:\/\/perseus.de\/wp-content\/uploads\/2025\/05\/BYOD-via-Unsplash-Marvin-Meyer-768x512-1.jpg","type":"image\/jpeg"}],"author":"Xenia Silbe","twitter_card":"summary_large_image","twitter_misc":{"Escrito por":"Xenia Silbe","Tiempo de lectura":"4 minutos"},"schema":{"@context":"https:\/\/schema.org","@graph":[{"@type":"Article","@id":"https:\/\/perseus.de\/es\/trae-tu-propio-dispositivo-byod-dispositivos-privados-en-uso-profesional\/#article","isPartOf":{"@id":"https:\/\/perseus.de\/es\/trae-tu-propio-dispositivo-byod-dispositivos-privados-en-uso-profesional\/"},"author":{"name":"Xenia Silbe","@id":"https:\/\/perseus.de\/#\/schema\/person\/42cdb0ff9720a4c92a2613f686b32f46"},"headline":"Trae tu propio dispositivo (BYOD) \u2013 Dispositivos privados en uso profesional","datePublished":"2021-07-08T14:35:00+00:00","dateModified":"2026-03-30T13:43:05+00:00","mainEntityOfPage":{"@id":"https:\/\/perseus.de\/es\/trae-tu-propio-dispositivo-byod-dispositivos-privados-en-uso-profesional\/"},"wordCount":816,"commentCount":0,"publisher":{"@id":"https:\/\/perseus.de\/#organization"},"image":{"@id":"https:\/\/perseus.de\/es\/trae-tu-propio-dispositivo-byod-dispositivos-privados-en-uso-profesional\/#primaryimage"},"thumbnailUrl":"https:\/\/perseus.de\/wp-content\/uploads\/2025\/05\/BYOD-via-Unsplash-Marvin-Meyer-768x512-1.jpg","articleSection":["Blog"],"inLanguage":"es","potentialAction":[{"@type":"CommentAction","name":"Comment","target":["https:\/\/perseus.de\/es\/trae-tu-propio-dispositivo-byod-dispositivos-privados-en-uso-profesional\/#respond"]}]},{"@type":"WebPage","@id":"https:\/\/perseus.de\/es\/trae-tu-propio-dispositivo-byod-dispositivos-privados-en-uso-profesional\/","url":"https:\/\/perseus.de\/es\/trae-tu-propio-dispositivo-byod-dispositivos-privados-en-uso-profesional\/","name":"Trae tu propio dispositivo (BYOD) \u2013 Dispositivos privados en uso profesional - Perseus Technologies","isPartOf":{"@id":"https:\/\/perseus.de\/#website"},"primaryImageOfPage":{"@id":"https:\/\/perseus.de\/es\/trae-tu-propio-dispositivo-byod-dispositivos-privados-en-uso-profesional\/#primaryimage"},"image":{"@id":"https:\/\/perseus.de\/es\/trae-tu-propio-dispositivo-byod-dispositivos-privados-en-uso-profesional\/#primaryimage"},"thumbnailUrl":"https:\/\/perseus.de\/wp-content\/uploads\/2025\/05\/BYOD-via-Unsplash-Marvin-Meyer-768x512-1.jpg","datePublished":"2021-07-08T14:35:00+00:00","dateModified":"2026-03-30T13:43:05+00:00","breadcrumb":{"@id":"https:\/\/perseus.de\/es\/trae-tu-propio-dispositivo-byod-dispositivos-privados-en-uso-profesional\/#breadcrumb"},"inLanguage":"es","potentialAction":[{"@type":"ReadAction","target":["https:\/\/perseus.de\/es\/trae-tu-propio-dispositivo-byod-dispositivos-privados-en-uso-profesional\/"]}]},{"@type":"ImageObject","inLanguage":"es","@id":"https:\/\/perseus.de\/es\/trae-tu-propio-dispositivo-byod-dispositivos-privados-en-uso-profesional\/#primaryimage","url":"https:\/\/perseus.de\/wp-content\/uploads\/2025\/05\/BYOD-via-Unsplash-Marvin-Meyer-768x512-1.jpg","contentUrl":"https:\/\/perseus.de\/wp-content\/uploads\/2025\/05\/BYOD-via-Unsplash-Marvin-Meyer-768x512-1.jpg","width":768,"height":512},{"@type":"BreadcrumbList","@id":"https:\/\/perseus.de\/es\/trae-tu-propio-dispositivo-byod-dispositivos-privados-en-uso-profesional\/#breadcrumb","itemListElement":[{"@type":"ListItem","position":1,"name":"Home","item":"https:\/\/perseus.de\/"},{"@type":"ListItem","position":2,"name":"Trae tu propio dispositivo (BYOD) \u2013 Dispositivos privados en uso profesional"}]},{"@type":"WebSite","@id":"https:\/\/perseus.de\/#website","url":"https:\/\/perseus.de\/","name":"perseus-web.de","description":"","publisher":{"@id":"https:\/\/perseus.de\/#organization"},"potentialAction":[{"@type":"SearchAction","target":{"@type":"EntryPoint","urlTemplate":"https:\/\/perseus.de\/?s={search_term_string}"},"query-input":{"@type":"PropertyValueSpecification","valueRequired":true,"valueName":"search_term_string"}}],"inLanguage":"es"},{"@type":"Organization","@id":"https:\/\/perseus.de\/#organization","name":"perseus-web.de","url":"https:\/\/perseus.de\/","logo":{"@type":"ImageObject","inLanguage":"es","@id":"https:\/\/perseus.de\/#\/schema\/logo\/image\/","url":"https:\/\/perseus.de\/wp-content\/uploads\/2025\/03\/PerseusTechnologie_Color-2.png","contentUrl":"https:\/\/perseus.de\/wp-content\/uploads\/2025\/03\/PerseusTechnologie_Color-2.png","width":536,"height":172,"caption":"perseus-web.de"},"image":{"@id":"https:\/\/perseus.de\/#\/schema\/logo\/image\/"}},{"@type":"Person","@id":"https:\/\/perseus.de\/#\/schema\/person\/42cdb0ff9720a4c92a2613f686b32f46","name":"Xenia Silbe","image":{"@type":"ImageObject","inLanguage":"es","@id":"https:\/\/secure.gravatar.com\/avatar\/ad1725c4df9d407f031b1429111650ed671361b6db97d9353d2b0d1aea2f67ed?s=96&d=mm&r=g","url":"https:\/\/secure.gravatar.com\/avatar\/ad1725c4df9d407f031b1429111650ed671361b6db97d9353d2b0d1aea2f67ed?s=96&d=mm&r=g","contentUrl":"https:\/\/secure.gravatar.com\/avatar\/ad1725c4df9d407f031b1429111650ed671361b6db97d9353d2b0d1aea2f67ed?s=96&d=mm&r=g","caption":"Xenia Silbe"},"sameAs":["https:\/\/perseus.de\/"],"url":"https:\/\/perseus.de\/es\/author\/xenia-silbe\/"}]}},"_links":{"self":[{"href":"https:\/\/perseus.de\/es\/wp-json\/wp\/v2\/posts\/27289","targetHints":{"allow":["GET"]}}],"collection":[{"href":"https:\/\/perseus.de\/es\/wp-json\/wp\/v2\/posts"}],"about":[{"href":"https:\/\/perseus.de\/es\/wp-json\/wp\/v2\/types\/post"}],"author":[{"embeddable":true,"href":"https:\/\/perseus.de\/es\/wp-json\/wp\/v2\/users\/3"}],"replies":[{"embeddable":true,"href":"https:\/\/perseus.de\/es\/wp-json\/wp\/v2\/comments?post=27289"}],"version-history":[{"count":1,"href":"https:\/\/perseus.de\/es\/wp-json\/wp\/v2\/posts\/27289\/revisions"}],"predecessor-version":[{"id":27290,"href":"https:\/\/perseus.de\/es\/wp-json\/wp\/v2\/posts\/27289\/revisions\/27290"}],"wp:featuredmedia":[{"embeddable":true,"href":"https:\/\/perseus.de\/es\/wp-json\/wp\/v2\/media\/27288"}],"wp:attachment":[{"href":"https:\/\/perseus.de\/es\/wp-json\/wp\/v2\/media?parent=27289"}],"wp:term":[{"taxonomy":"category","embeddable":true,"href":"https:\/\/perseus.de\/es\/wp-json\/wp\/v2\/categories?post=27289"},{"taxonomy":"post_tag","embeddable":true,"href":"https:\/\/perseus.de\/es\/wp-json\/wp\/v2\/tags?post=27289"}],"curies":[{"name":"wp","href":"https:\/\/api.w.org\/{rel}","templated":true}]}}